{"id":59335,"date":"2025-08-01T15:42:09","date_gmt":"2025-08-01T15:42:09","guid":{"rendered":"https:\/\/www.pedlex.com\/?p=59335"},"modified":"2025-10-10T19:12:37","modified_gmt":"2025-10-10T19:12:37","slug":"the-terrebonne-industrial-show-october-22-and-23-2025","status":"publish","type":"post","link":"https:\/\/www.pedlex.com\/en\/the-terrebonne-industrial-show-october-22-and-23-2025\/","title":{"rendered":"The Terrebonne Industrial Show \u2013 October 22 and 23, 2025"},"content":{"rendered":"<h2 style=\"text-align: center;\">Discover Pedlex&#8217;s range of ergonomic and high-performance solutions for optimizing industrial spaces, offering efficient storage and handling<\/h2>\n<h3 style=\"text-align: center;\">Join us at our booth #306 at the <a href=\"https:\/\/www.salonsindustriels.com\/salon\/sit-2025\/\">Terrebonne Industrial Show<\/a>, 22 and 23 October 2025, in Terrebonne.<\/h3>\n<p>The 2nd edition of the Terrebonne Industrial Show will be held in 2025 at the <a href=\"https:\/\/www.centreexpoterrebonne.com\/\">Terrebonne Expo Centre<\/a>.<br \/>\nThe <a href=\"https:\/\/www.salonsindustriels.com\/salon\/sit-2025\/inscription\">Terrebonne Industrial Show<\/a> is the ideal meeting place for all contracting authorities, managers, and workers in the provincial industrial and manufacturing sectors!<\/p>\n<p><a href=\"https:\/\/www.salonsindustriels.com\/salon\/sit-2025\/inscription\">Register<\/a> and come discover our robust and high-performance products!<\/p>\n<p style=\"text-align: center;\"><a href=\"https:\/\/www.salonsindustriels.com\/salon\/sit-2025\"><img loading=\"lazy\" decoding=\"async\" class=\" wp-image-59534\" src=\"https:\/\/www.pedlex.com\/wp-content\/uploads\/2025\/08\/Salon-Industriel-de-Terrebonne-SIT-octobre-2025-Pedlex-kiosque.jpg\" alt=\"Salon Industriel de Terrebonne SIT octobre 2025 Pedlex kiosque\" width=\"651\" height=\"449\" \/><\/a><\/p>\n<p style=\"text-align: center;\"><strong><br \/>\nWhere?<\/strong> <a href=\"https:\/\/www.centreexpoterrebonne.com\/\">Terrebonne Expo Centre<\/a>\u00a0at 2475 Bd des Entreprises, Terrebonne, QC J6X 5S5<br \/>\n<strong>When?<\/strong> Wednesday, October 22, 2025 &#8211; from 12:00 PM to 7:00 PM, Thursday, October 23, 2025 &#8211; from 10:00 AM to 4:00 PM<\/p>\n<p>Program:<\/p>\n<ul>\n<li>2 days of exhibitions and demonstrations<\/li>\n<li>5,000 visitors expected<\/li>\n<li>400 companies represented<\/li>\n<li>80,000 square feet of exhibition space<\/li>\n<li>9 exclusive conferences<\/li>\n<\/ul>\n<p>We look forward to meeting you there!<\/p>\n<p><img loading=\"lazy\" decoding=\"async\" class=\"size-large wp-image-59600 aligncenter\" src=\"https:\/\/www.pedlex.com\/wp-content\/uploads\/2025\/08\/Salon-industriel-Sherbrooke-SIT2025-octobre-2025-kiosque-Pedlex-rencontrez-nous-1024x625.jpg\" alt=\"Salon industriel Sherbrooke SIT2025 octobre 2025 kiosque Pedlex plan de salle rencontrez-nous\" width=\"1020\" height=\"623\" srcset=\"https:\/\/www.pedlex.com\/wp-content\/uploads\/2025\/08\/Salon-industriel-Sherbrooke-SIT2025-octobre-2025-kiosque-Pedlex-rencontrez-nous-1024x625.jpg 1024w, https:\/\/www.pedlex.com\/wp-content\/uploads\/2025\/08\/Salon-industriel-Sherbrooke-SIT2025-octobre-2025-kiosque-Pedlex-rencontrez-nous-300x183.jpg 300w, https:\/\/www.pedlex.com\/wp-content\/uploads\/2025\/08\/Salon-industriel-Sherbrooke-SIT2025-octobre-2025-kiosque-Pedlex-rencontrez-nous-768x468.jpg 768w, https:\/\/www.pedlex.com\/wp-content\/uploads\/2025\/08\/Salon-industriel-Sherbrooke-SIT2025-octobre-2025-kiosque-Pedlex-rencontrez-nous.jpg 1410w\" sizes=\"auto, (max-width: 1020px) 100vw, 1020px\" \/><\/p>\n<p>Organizer: <a href=\"http:\/\/groupepageau.com\/\">Groupe Pageau<\/a><\/p>\n<p><a href=\"https:\/\/www.salonsindustriels.com\/salon\/sit-2025\/inscription\">Register<\/a>\u00a0and come discover our robust and high-performance products!<\/p>\n","protected":false},"excerpt":{"rendered":"<p>Retrouvez-nous \u00e0 notre kiosque #605 lors du Salon Industriel de l&#8217;Estrie, les 13 et 14 mai 2025 \u00e0 Sherbrooke. D\u00e9couvrez la gamme de solutions ergonomiques et performantes pour optimiser les espaces industriels de Pedlex, qui vous offre un rangement et une manutention efficaces.<\/p>\n","protected":false},"author":4,"featured_media":59535,"comment_status":"closed","ping_status":"closed","sticky":false,"template":"","format":"standard","meta":{"_acf_changed":false,"content-type":"","om_disable_all_campaigns":false,"inline_featured_image":false,"_monsterinsights_skip_tracking":false,"_monsterinsights_sitenote_active":false,"_monsterinsights_sitenote_note":"","_monsterinsights_sitenote_category":0,"footnotes":""},"categories":[77,65],"tags":[172,181,182],"class_list":["post-59335","post","type-post","status-publish","format-standard","has-post-thumbnail","hentry","category-events-en","category-news-en","tag-expo-en-2","tag-show","tag-terrebonne-en"],"acf":[],"aioseo_notices":[],"_links":{"self":[{"href":"https:\/\/www.pedlex.com\/en\/wp-json\/wp\/v2\/posts\/59335","targetHints":{"allow":["GET"]}}],"collection":[{"href":"https:\/\/www.pedlex.com\/en\/wp-json\/wp\/v2\/posts"}],"about":[{"href":"https:\/\/www.pedlex.com\/en\/wp-json\/wp\/v2\/types\/post"}],"author":[{"embeddable":true,"href":"https:\/\/www.pedlex.com\/en\/wp-json\/wp\/v2\/users\/4"}],"replies":[{"embeddable":true,"href":"https:\/\/www.pedlex.com\/en\/wp-json\/wp\/v2\/comments?post=59335"}],"version-history":[{"count":5,"href":"https:\/\/www.pedlex.com\/en\/wp-json\/wp\/v2\/posts\/59335\/revisions"}],"predecessor-version":[{"id":59603,"href":"https:\/\/www.pedlex.com\/en\/wp-json\/wp\/v2\/posts\/59335\/revisions\/59603"}],"wp:featuredmedia":[{"embeddable":true,"href":"https:\/\/www.pedlex.com\/en\/wp-json\/wp\/v2\/media\/59535"}],"wp:attachment":[{"href":"https:\/\/www.pedlex.com\/en\/wp-json\/wp\/v2\/media?parent=59335"}],"wp:term":[{"taxonomy":"category","embeddable":true,"href":"https:\/\/www.pedlex.com\/en\/wp-json\/wp\/v2\/categories?post=59335"},{"taxonomy":"post_tag","embeddable":true,"href":"https:\/\/www.pedlex.com\/en\/wp-json\/wp\/v2\/tags?post=59335"}],"curies":[{"name":"wp","href":"https:\/\/api.w.org\/{rel}","templated":true}]}}